{"id":3411,"date":"2026-04-29T19:05:26","date_gmt":"2026-04-29T17:05:26","guid":{"rendered":"https:\/\/www.rscc-cyclisme-champigny94.fr\/accueil\/?p=3411"},"modified":"2026-04-29T19:05:26","modified_gmt":"2026-04-29T17:05:26","slug":"la-montapeine-25-avril-2026","status":"publish","type":"post","link":"https:\/\/www.rscc-cyclisme-champigny94.fr\/accueil\/la-montapeine-25-avril-2026\/","title":{"rendered":"La Montapeine &#8211; 25 avril 2026"},"content":{"rendered":"<p>[et_pb_section fb_built=\u00a0\u00bb1&Prime; _builder_version=\u00a0\u00bb4.27.0&Prime; _module_preset=\u00a0\u00bbdefault\u00a0\u00bb global_colors_info=\u00a0\u00bb{}\u00a0\u00bb][et_pb_row _builder_version=\u00a0\u00bb4.27.0&Prime; _module_preset=\u00a0\u00bbdefault\u00a0\u00bb global_colors_info=\u00a0\u00bb{}\u00a0\u00bb][et_pb_column type=\u00a0\u00bb4_4&Prime; _builder_version=\u00a0\u00bb4.27.0&Prime; _module_preset=\u00a0\u00bbdefault\u00a0\u00bb global_colors_info=\u00a0\u00bb{}\u00a0\u00bb][et_pb_text _builder_version=\u00a0\u00bb4.27.2&Prime; _module_preset=\u00a0\u00bbdefault\u00a0\u00bb min_height=\u00a0\u00bb95.8px\u00a0\u00bb custom_padding=\u00a0\u00bb||4px|||\u00a0\u00bb hover_enabled=\u00a0\u00bb0&Prime; global_colors_info=\u00a0\u00bb{}\u00a0\u00bb sticky_enabled=\u00a0\u00bb0&Prime;]<\/p>\n<p>Nous sommes 4 du RSCC \u00e0 nous \u00e9lancer sur les parcours de la Montapeine 2026.<br \/>3 cyclos sur le parcours de 150 km et 1 sur le parcours de 100 km. Le d\u00e9part est donn\u00e9 \u00e0 Meaux et nous remontons sur le nord de la Seine et Marne et sur l&rsquo;Aisne pour un premier ravitaillement \u00e0 la Fert\u00e9-Millon. Le deuxi\u00e8me ravitaillement se situant \u00e0 Nanteuil sur Marne.<br \/>Le trac\u00e9 nous permet de rouler avec tr\u00e8s peu de trafic routier et une m\u00e9t\u00e9o un peu venteuse mais tr\u00e8s chaude d\u00e8s la mi-journ\u00e9e.<br \/>Le parcours est suffisament accident\u00e9 pour que nos compteurs affichent entre 1700 et 1900 m\u00e8tres de d\u00e9niv\u00e9l\u00e9.<br \/>Une tr\u00e8s belle et sympatique cyclo avec une organisation au top du club de Meaux.<\/p>\n<p>[\/et_pb_text][\/et_pb_column][\/et_pb_row][et_pb_row _builder_version=\u00a0\u00bb4.27.2&Prime; _module_preset=\u00a0\u00bbdefault\u00a0\u00bb column_structure=\u00a0\u00bb1_3,1_3,1_3&Prime;][et_pb_column _builder_version=\u00a0\u00bb4.27.2&Prime; _module_preset=\u00a0\u00bbdefault\u00a0\u00bb type=\u00a0\u00bb1_3&Prime;][et_pb_image src=\u00a0\u00bbhttps:\/\/www.rscc-cyclisme-champigny94.fr\/wp-content\/uploads\/2026\/04\/2026-04-25-4.jpg\u00a0\u00bb _builder_version=\u00a0\u00bb4.27.2&Prime; _module_preset=\u00a0\u00bbdefault\u00a0\u00bb title_text=\u00a0\u00bb2026-04-25-4&Prime; hover_enabled=\u00a0\u00bb0&Prime; sticky_enabled=\u00a0\u00bb0&Prime;][\/et_pb_image][\/et_pb_column][et_pb_column _builder_version=\u00a0\u00bb4.27.2&Prime; _module_preset=\u00a0\u00bbdefault\u00a0\u00bb type=\u00a0\u00bb1_3&Prime;][et_pb_image src=\u00a0\u00bbhttps:\/\/www.rscc-cyclisme-champigny94.fr\/wp-content\/uploads\/2026\/04\/2026-04-25-3.jpg\u00a0\u00bb _builder_version=\u00a0\u00bb4.27.2&Prime; _module_preset=\u00a0\u00bbdefault\u00a0\u00bb title_text=\u00a0\u00bb2026-04-25-3&Prime; custom_margin=\u00a0\u00bb87px||||false|false\u00a0\u00bb hover_enabled=\u00a0\u00bb0&Prime; sticky_enabled=\u00a0\u00bb0&Prime;][\/et_pb_image][\/et_pb_column][et_pb_column _builder_version=\u00a0\u00bb4.27.2&Prime; _module_preset=\u00a0\u00bbdefault\u00a0\u00bb type=\u00a0\u00bb1_3&Prime;][et_pb_image src=\u00a0\u00bbhttps:\/\/www.rscc-cyclisme-champigny94.fr\/wp-content\/uploads\/2026\/04\/2026-04-25-8.jpg\u00a0\u00bb _builder_version=\u00a0\u00bb4.27.2&Prime; _module_preset=\u00a0\u00bbdefault\u00a0\u00bb title_text=\u00a0\u00bb2026-04-25-8&Prime; align=\u00a0\u00bbcenter\u00a0\u00bb custom_margin=\u00a0\u00bb51px||||false|false\u00a0\u00bb hover_enabled=\u00a0\u00bb0&Prime; sticky_enabled=\u00a0\u00bb0&Prime;][\/et_pb_image][\/et_pb_column][\/et_pb_row][\/et_pb_section]<\/p>\n","protected":false},"excerpt":{"rendered":"<p>Nous sommes 4 du RSCC \u00e0 nous \u00e9lancer sur les parcours de la Montapeine 2026.3 cyclos sur le parcours de 150 km et 1 sur le parcours de 100 km. Le d\u00e9part est donn\u00e9 \u00e0 Meaux et nous remontons sur le nord de la Seine et Marne et sur l&rsquo;Aisne pour un premier ravitaillement \u00e0 [&hellip;]<\/p>\n","protected":false},"author":25,"featured_media":0,"comment_status":"open","ping_status":"open","sticky":false,"template":"","format":"standard","meta":{"_et_pb_use_builder":"on","_et_pb_old_content":"","_et_gb_content_width":"","footnotes":""},"categories":[5],"tags":[],"class_list":["post-3411","post","type-post","status-publish","format-standard","hentry","category-cr-sortie"],"_links":{"self":[{"href":"https:\/\/www.rscc-cyclisme-champigny94.fr\/accueil\/wp-json\/wp\/v2\/posts\/3411","targetHints":{"allow":["GET"]}}],"collection":[{"href":"https:\/\/www.rscc-cyclisme-champigny94.fr\/accueil\/wp-json\/wp\/v2\/posts"}],"about":[{"href":"https:\/\/www.rscc-cyclisme-champigny94.fr\/accueil\/wp-json\/wp\/v2\/types\/post"}],"author":[{"embeddable":true,"href":"https:\/\/www.rscc-cyclisme-champigny94.fr\/accueil\/wp-json\/wp\/v2\/users\/25"}],"replies":[{"embeddable":true,"href":"https:\/\/www.rscc-cyclisme-champigny94.fr\/accueil\/wp-json\/wp\/v2\/comments?post=3411"}],"version-history":[{"count":4,"href":"https:\/\/www.rscc-cyclisme-champigny94.fr\/accueil\/wp-json\/wp\/v2\/posts\/3411\/revisions"}],"predecessor-version":[{"id":3421,"href":"https:\/\/www.rscc-cyclisme-champigny94.fr\/accueil\/wp-json\/wp\/v2\/posts\/3411\/revisions\/3421"}],"wp:attachment":[{"href":"https:\/\/www.rscc-cyclisme-champigny94.fr\/accueil\/wp-json\/wp\/v2\/media?parent=3411"}],"wp:term":[{"taxonomy":"category","embeddable":true,"href":"https:\/\/www.rscc-cyclisme-champigny94.fr\/accueil\/wp-json\/wp\/v2\/categories?post=3411"},{"taxonomy":"post_tag","embeddable":true,"href":"https:\/\/www.rscc-cyclisme-champigny94.fr\/accueil\/wp-json\/wp\/v2\/tags?post=3411"}],"curies":[{"name":"wp","href":"https:\/\/api.w.org\/{rel}","templated":true}]}}